{"data":{"id":4596,"name":"Gartenkultur Dino Gujan","slug":"gartenkultur-dino-gujan","address":"Unterwinkel 28","zip":"7235","city":"Fideris","canton":"GR","category":{"id":38,"name":"Gartenbau, Gartenpflege, Baumpflege"},"label":"Gartenbau\/Gartenpflege","sbi_rating":6.4,"google_rating":"5.00","google_rating_count":5,"views":7313,"badges":{"lehrbetrieb":false},"detail_url":"https:\/\/handwerker.ch\/api\/companies\/4596","live_url":"https:\/\/handwerker.ch\/firmen\/gartenkultur-dino-gujan\/4596","description":"Gartenkultur Dino Gujan ist ein Unternehmen mit Sitz in Fideris im Kanton Graub\u00fcnden \ud83c\udf3f. Das Unternehmen ist in der Kategorie Gartenbau, Gartenpflege, Baumpflege t\u00e4tig. Die Firma geh\u00f6rt zu den Top-Betrieben in Fideris und zeichnet sich durch ihre lokale Pr\u00e4senz aus.Das Unternehmen verf\u00fcgt \u00fcber ein KMU-\/SBI-Rating von 6.4 auf handwerker.ch, was die Qualit\u00e4t und Zuverl\u00e4ssigkeit des Betriebs unterstreicht \ud83d\udcca. Gartenkultur Dino Gujan hat bei Google eine ausgezeichnete Bewertung von 5.00 Sternen erhalten, basierend auf 5 Kundenbewertungen.Zu den Angeboten & Produkten des Unternehmens z\u00e4hlen Garten- & Landschaftsbau sowie Garten-, Gr\u00fcnfl\u00e4chen- & Ruderalfl\u00e4chenpflege \ud83c\udf31. Das Unternehmen ist in der Region Pr\u00e4ttigau\/Davos t\u00e4tig und bietet professionelle Dienstleistungen rund um Garten und Landschaft an.Mit seiner Expertise im Gartenbau und der Pflege von Gr\u00fcnfl\u00e4chen stellt Gartenkultur Dino Gujan einen kompetenten Partner f\u00fcr private und gewerbliche Kunden in der Region dar \ud83c\udfd4\ufe0f.","website":"www.gartenkultur-gujan.ch","phone":"+41 79 447 07 39","email":"gartenkultur@gujan-fideris.ch","tags":[{"slug":"garten-landschaftsbau","name":"Garten- & Landschaftsbau"},{"slug":"garten-grunflachen-ruderalflachenpflege","name":"Garten-, Gr\u00fcnfl\u00e4chen- & Ruderalfl\u00e4chenpflege"},{"slug":"oekologische-gartengestaltung","name":"\u00d6kologische Gartengestaltung"},{"slug":"praettigau-davos","name":"Pr\u00e4ttigau\/Davos"}]}}