{"data":{"id":702,"name":"Blumenmarkt Dietrich GmbH | Salvenach","slug":"blumenmarkt-dietrich-gmbh-salvenach","address":"Jurablick 7","zip":"1794","city":"Salvenach","canton":"FR","category":{"id":44,"name":"Garten-, Pflanzencenter, Baumschulen, Baum\u00e4rkte (DIY)"},"label":"Gartencenter","sbi_rating":0,"google_rating":"0.00","google_rating_count":0,"views":6394,"badges":{"lehrbetrieb":false},"detail_url":"https:\/\/handwerker.ch\/api\/companies\/702","live_url":"https:\/\/handwerker.ch\/firmen\/blumenmarkt-dietrich-gmbh-salvenach\/702","description":"Die Blumenmarkt Dietrich GmbH mit Sitz in Salvenach im Kanton Freiburg ist ein etabliertes Unternehmen in der Gr\u00fcnen Branche. \ud83c\udf3f Das Unternehmen ist in der Kategorie Garten-, Pflanzencenter, Baumschulen, Baum\u00e4rkte (DIY) t\u00e4tig.Die Firma geh\u00f6rt zu den Top-Unternehmen in Salvenach und zeichnet sich durch ihre lokale Verankerung im Kanton Freiburg aus. Der Betrieb bietet ein vielf\u00e4ltiges Sortiment an Produkten und Dienstleistungen f\u00fcr Gartenliebhaber und Pflanzenfreunde. \ud83c\udf38Zu den Angeboten & Produkten der Blumenmarkt Dietrich GmbH z\u00e4hlen ein umfassendes Gartencenter sowie ein Pflanzencenter mit breiter Auswahl. Das Unternehmen betreibt zudem einen Blumenladen bzw. ein Blumengesch\u00e4ft f\u00fcr alle Anl\u00e4sse. Dar\u00fcber hinaus werden Gartenm\u00f6bel angeboten, um den Au\u00dfenbereich stilvoll zu gestalten. \ud83e\udeb4Die Blumenmarkt Dietrich GmbH in Salvenach, Kanton Freiburg, versteht sich als kompetenter Ansprechpartner f\u00fcr alle Fragen rund um Garten, Pflanzen und Blumen. Mit ihrem breiten Produktangebot deckt die Firma die Bed\u00fcrfnisse von Privatkunden und Gartenliebhabern ab.","website":"www.blumenmarkt.ch","phone":"+41 26 674 95 50","email":"salvenach@blumenmarkt.ch","tags":[{"slug":"gartencenter","name":"Gartencenter"},{"slug":"gartenprodukte-gartenaccessoires","name":"Gartenprodukte, Gartenaccessoires"},{"slug":"pflanzen","name":"Pflanzencenter"},{"slug":"blumenladen","name":"Blumenladen\/Blumengesch\u00e4ft"},{"slug":"gartenmoebel","name":"Gartenm\u00f6bel"}]}}